{"id":76286,"date":"2023-08-20T15:46:15","date_gmt":"2023-08-20T13:46:15","guid":{"rendered":"https:\/\/bletz.lu\/?p=76286"},"modified":"2023-08-20T15:46:15","modified_gmt":"2023-08-20T13:46:15","slug":"2-august-2023-dalessandra-lops-an-den-jo-fueren-8000-km-mam-velo-fir-de-bletz","status":"publish","type":"post","link":"https:\/\/bletz.lu\/lu\/2-august-2023-dalessandra-lops-an-den-jo-fueren-8000-km-mam-velo-fir-de-bletz\/","title":{"rendered":"2. August 2023: D\u2019Alessandra Lops an den Jo fueren 8000 km mam Velo fir de Bl\u00ebtz"},"content":{"rendered":"<h2>5000km hunn mir irgendwou t\u00ebscht Padova an Ferrara erreecht.<\/h2>\n<p>No ville sch\u00e9ine Momenter mat Fr\u00ebnn zu M\u00fcnchen hunn mir eis V\u00eblo\u2018en duerch Innsbruck iwwert Dolomiten op Venedeg pedall\u00e9iert.<\/p>\n<p>30km virun Venedeg hunn mir dann puer sch\u00e9in Deeg mam Alessandra senger Famill verbruet. Lo sinn mir er\u00ebm um strampelen an sinn stolz k\u00ebnnen ze soen, datt mir scho b\u00ebsse m\u00e9i w\u00e9i 5000km fir Bl\u00ebtz mam V\u00eblo duerch Europa gefuer sinn.<\/p>\n<p>Mee mir si nach laang net um Zil ukomm, dofir vergiesst net eise Projet weiderhin ze ennerst\u00ebtzen.<\/p>\n<p>\u00cbnnert folgenden <a href=\"https:\/\/gofund.me\/40aaef60\" target=\"_blank\" rel=\"noopener\">Link<\/a> k\u00ebnnt dir en Don maachen, deen integral un d\u2019Bl\u00ebtz a.s.b.l. geet:<\/p>\n<h4><a href=\"https:\/\/gofund.me\/40aaef60\" target=\"_blank\" rel=\"noopener\">https:\/\/gofund.me\/40aaef60<\/a><\/h4>\n<p>Mir soe villmools Merci a free\u00ebn eis op alles wat elo nach k\u00ebnnt. Weider geet et elo a Richtung Bologna fir duerno k\u00ebnnen duerch dei sch\u00e9in Toskana ze fueren.<\/p>\n<p>Grazie, bacione<br \/>\nAlessandra &amp; Jo<\/p>\n<p>&nbsp;<\/p>\n\n\t\t<style type=\"text\/css\">\n\t\t\t#gallery-1 {\n\t\t\t\tmargin: auto;\n\t\t\t}\n\t\t\t#gallery-1 .gallery-item {\n\t\t\t\tfloat: left;\n\t\t\t\tmargin-top: 10px;\n\t\t\t\ttext-align: center;\n\t\t\t\twidth: 50%;\n\t\t\t}\n\t\t\t#gallery-1 img {\n\t\t\t\tborder: 2px solid #cfcfcf;\n\t\t\t}\n\t\t\t#gallery-1 .gallery-caption {\n\t\t\t\tmargin-left: 0;\n\t\t\t}\n\t\t\t\/* see gallery_shortcode() in wp-includes\/media.php *\/\n\t\t<\/style>\n\t\t<div data-carousel-extra='{&quot;blog_id&quot;:1,&quot;permalink&quot;:&quot;https:\/\/bletz.lu\/lu\/2-august-2023-dalessandra-lops-an-den-jo-fueren-8000-km-mam-velo-fir-de-bletz\/&quot;}' id='gallery-1' class='gallery galleryid-76286 gallery-columns-2 gallery-size-thumbnail'><dl class='gallery-item'>\n\t\t\t<dt class='gallery-icon portrait'>\n\t\t\t\t<a href='https:\/\/bletz.lu\/wp-content\/uploads\/2023\/08\/891d54b4-e92a-4bbf-af49-9c6ffa1c3fea.jpeg'><img loading=\"lazy\" decoding=\"async\" width=\"150\" height=\"150\" src=\"https:\/\/bletz.lu\/wp-content\/uploads\/2023\/08\/891d54b4-e92a-4bbf-af49-9c6ffa1c3fea-150x150.jpeg\" class=\"attachment-thumbnail size-thumbnail\" alt=\"\" srcset=\"https:\/\/bletz.lu\/wp-content\/uploads\/2023\/08\/891d54b4-e92a-4bbf-af49-9c6ffa1c3fea-150x150.jpeg 150w, https:\/\/bletz.lu\/wp-content\/uploads\/2023\/08\/891d54b4-e92a-4bbf-af49-9c6ffa1c3fea-200x200.jpeg 200w, https:\/\/bletz.lu\/wp-content\/uploads\/2023\/08\/891d54b4-e92a-4bbf-af49-9c6ffa1c3fea-720x720.jpeg 720w\" sizes=\"auto, (max-width: 150px) 100vw, 150px\" data-attachment-id=\"76287\" data-permalink=\"https:\/\/bletz.lu\/lu\/2-august-2023-dalessandra-lops-an-den-jo-fueren-8000-km-mam-velo-fir-de-bletz\/891d54b4-e92a-4bbf-af49-9c6ffa1c3fea\/\" data-orig-file=\"https:\/\/bletz.lu\/wp-content\/uploads\/2023\/08\/891d54b4-e92a-4bbf-af49-9c6ffa1c3fea.jpeg\" data-orig-size=\"1443,1920\" data-comments-opened=\"0\" data-image-meta=\"{&quot;aperture&quot;:&quot;0&quot;,&quot;credit&quot;:&quot;&quot;,&quot;camera&quot;:&quot;&quot;,&quot;caption&quot;:&quot;&quot;,&quot;created_timestamp&quot;:&quot;0&quot;,&quot;copyright&quot;:&quot;&quot;,&quot;focal_length&quot;:&quot;0&quot;,&quot;iso&quot;:&quot;0&quot;,&quot;shutter_speed&quot;:&quot;0&quot;,&quot;title&quot;:&quot;&quot;,&quot;orientation&quot;:&quot;1&quot;}\" data-image-title=\"891d54b4-e92a-4bbf-af49-9c6ffa1c3fea\" data-image-description=\"\" data-image-caption=\"\" data-medium-file=\"https:\/\/bletz.lu\/wp-content\/uploads\/2023\/08\/891d54b4-e92a-4bbf-af49-9c6ffa1c3fea-225x300.jpeg\" data-large-file=\"https:\/\/bletz.lu\/wp-content\/uploads\/2023\/08\/891d54b4-e92a-4bbf-af49-9c6ffa1c3fea-770x1024.jpeg\" \/><\/a>\n\t\t\t<\/dt><\/dl><dl class='gallery-item'>\n\t\t\t<dt class='gallery-icon landscape'>\n\t\t\t\t<a href='https:\/\/bletz.lu\/wp-content\/uploads\/2023\/08\/IMG_6317.jpeg'><img loading=\"lazy\" decoding=\"async\" width=\"150\" height=\"150\" src=\"https:\/\/bletz.lu\/wp-content\/uploads\/2023\/08\/IMG_6317-150x150.jpeg\" class=\"attachment-thumbnail size-thumbnail\" alt=\"\" srcset=\"https:\/\/bletz.lu\/wp-content\/uploads\/2023\/08\/IMG_6317-150x150.jpeg 150w, https:\/\/bletz.lu\/wp-content\/uploads\/2023\/08\/IMG_6317-200x200.jpeg 200w, https:\/\/bletz.lu\/wp-content\/uploads\/2023\/08\/IMG_6317-720x720.jpeg 720w\" sizes=\"auto, (max-width: 150px) 100vw, 150px\" data-attachment-id=\"76288\" data-permalink=\"https:\/\/bletz.lu\/lu\/2-august-2023-dalessandra-lops-an-den-jo-fueren-8000-km-mam-velo-fir-de-bletz\/img_6317\/\" data-orig-file=\"https:\/\/bletz.lu\/wp-content\/uploads\/2023\/08\/IMG_6317.jpeg\" data-orig-size=\"1920,1440\" data-comments-opened=\"0\" data-image-meta=\"{&quot;aperture&quot;:&quot;0&quot;,&quot;credit&quot;:&quot;&quot;,&quot;camera&quot;:&quot;&quot;,&quot;caption&quot;:&quot;&quot;,&quot;created_timestamp&quot;:&quot;0&quot;,&quot;copyright&quot;:&quot;&quot;,&quot;focal_length&quot;:&quot;0&quot;,&quot;iso&quot;:&quot;0&quot;,&quot;shutter_speed&quot;:&quot;0&quot;,&quot;title&quot;:&quot;&quot;,&quot;orientation&quot;:&quot;1&quot;}\" data-image-title=\"IMG_6317\" data-image-description=\"\" data-image-caption=\"\" data-medium-file=\"https:\/\/bletz.lu\/wp-content\/uploads\/2023\/08\/IMG_6317-225x300.jpeg\" data-large-file=\"https:\/\/bletz.lu\/wp-content\/uploads\/2023\/08\/IMG_6317-768x1024.jpeg\" \/><\/a>\n\t\t\t<\/dt><\/dl><br style=\"clear: both\" \/><dl class='gallery-item'>\n\t\t\t<dt class='gallery-icon landscape'>\n\t\t\t\t<a href='https:\/\/bletz.lu\/wp-content\/uploads\/2023\/08\/IMG_6352.jpeg'><img loading=\"lazy\" decoding=\"async\" width=\"150\" height=\"150\" src=\"https:\/\/bletz.lu\/wp-content\/uploads\/2023\/08\/IMG_6352-150x150.jpeg\" class=\"attachment-thumbnail size-thumbnail\" alt=\"\" srcset=\"https:\/\/bletz.lu\/wp-content\/uploads\/2023\/08\/IMG_6352-150x150.jpeg 150w, https:\/\/bletz.lu\/wp-content\/uploads\/2023\/08\/IMG_6352-200x200.jpeg 200w, https:\/\/bletz.lu\/wp-content\/uploads\/2023\/08\/IMG_6352-720x720.jpeg 720w\" sizes=\"auto, (max-width: 150px) 100vw, 150px\" data-attachment-id=\"76289\" data-permalink=\"https:\/\/bletz.lu\/lu\/2-august-2023-dalessandra-lops-an-den-jo-fueren-8000-km-mam-velo-fir-de-bletz\/img_6352\/\" data-orig-file=\"https:\/\/bletz.lu\/wp-content\/uploads\/2023\/08\/IMG_6352.jpeg\" data-orig-size=\"1920,1440\" data-comments-opened=\"0\" data-image-meta=\"{&quot;aperture&quot;:&quot;0&quot;,&quot;credit&quot;:&quot;&quot;,&quot;camera&quot;:&quot;&quot;,&quot;caption&quot;:&quot;&quot;,&quot;created_timestamp&quot;:&quot;0&quot;,&quot;copyright&quot;:&quot;&quot;,&quot;focal_length&quot;:&quot;0&quot;,&quot;iso&quot;:&quot;0&quot;,&quot;shutter_speed&quot;:&quot;0&quot;,&quot;title&quot;:&quot;&quot;,&quot;orientation&quot;:&quot;1&quot;}\" data-image-title=\"IMG_6352\" data-image-description=\"\" data-image-caption=\"\" data-medium-file=\"https:\/\/bletz.lu\/wp-content\/uploads\/2023\/08\/IMG_6352-300x225.jpeg\" data-large-file=\"https:\/\/bletz.lu\/wp-content\/uploads\/2023\/08\/IMG_6352-1024x768.jpeg\" \/><\/a>\n\t\t\t<\/dt><\/dl><dl class='gallery-item'>\n\t\t\t<dt class='gallery-icon portrait'>\n\t\t\t\t<a href='https:\/\/bletz.lu\/wp-content\/uploads\/2023\/08\/IMG_6434.jpeg'><img loading=\"lazy\" decoding=\"async\" width=\"150\" height=\"150\" src=\"https:\/\/bletz.lu\/wp-content\/uploads\/2023\/08\/IMG_6434-150x150.jpeg\" class=\"attachment-thumbnail size-thumbnail\" alt=\"\" srcset=\"https:\/\/bletz.lu\/wp-content\/uploads\/2023\/08\/IMG_6434-150x150.jpeg 150w, https:\/\/bletz.lu\/wp-content\/uploads\/2023\/08\/IMG_6434-200x200.jpeg 200w, https:\/\/bletz.lu\/wp-content\/uploads\/2023\/08\/IMG_6434-720x720.jpeg 720w\" sizes=\"auto, (max-width: 150px) 100vw, 150px\" data-attachment-id=\"76290\" data-permalink=\"https:\/\/bletz.lu\/lu\/2-august-2023-dalessandra-lops-an-den-jo-fueren-8000-km-mam-velo-fir-de-bletz\/img_6434\/\" data-orig-file=\"https:\/\/bletz.lu\/wp-content\/uploads\/2023\/08\/IMG_6434.jpeg\" data-orig-size=\"1079,1920\" data-comments-opened=\"0\" data-image-meta=\"{&quot;aperture&quot;:&quot;0&quot;,&quot;credit&quot;:&quot;&quot;,&quot;camera&quot;:&quot;&quot;,&quot;caption&quot;:&quot;&quot;,&quot;created_timestamp&quot;:&quot;0&quot;,&quot;copyright&quot;:&quot;&quot;,&quot;focal_length&quot;:&quot;0&quot;,&quot;iso&quot;:&quot;0&quot;,&quot;shutter_speed&quot;:&quot;0&quot;,&quot;title&quot;:&quot;&quot;,&quot;orientation&quot;:&quot;1&quot;}\" data-image-title=\"IMG_6434\" data-image-description=\"\" data-image-caption=\"\" data-medium-file=\"https:\/\/bletz.lu\/wp-content\/uploads\/2023\/08\/IMG_6434-169x300.jpeg\" data-large-file=\"https:\/\/bletz.lu\/wp-content\/uploads\/2023\/08\/IMG_6434-575x1024.jpeg\" \/><\/a>\n\t\t\t<\/dt><\/dl><br style=\"clear: both\" \/>\n\t\t<\/div>\n\n","protected":false},"excerpt":{"rendered":"<p>5000km hunn mir irgendwou t\u00ebscht Padova an Ferrara erreecht. No ville sch\u00e9ine Momenter mat Fr\u00ebnn zu M\u00fcnchen hunn mir eis V\u00eblo\u2018en duerch Innsbruck iwwert Dolomiten op Venedeg pedall\u00e9iert. 30km virun [&hellip;]<\/p>\n","protected":false},"author":656,"featured_media":76287,"comment_status":"closed","ping_status":"open","sticky":false,"template":"","format":"standard","meta":{"jetpack_post_was_ever_published":false,"_jetpack_newsletter_access":"","_jetpack_dont_email_post_to_subs":false,"_jetpack_newsletter_tier_id":0,"_jetpack_memberships_contains_paywalled_content":false,"_jetpack_memberships_contains_paid_content":false,"footnotes":"","jetpack_publicize_message":"","jetpack_publicize_feature_enabled":true,"jetpack_social_post_already_shared":true,"jetpack_social_options":{"image_generator_settings":{"template":"highway","default_image_id":0,"font":"","enabled":false},"version":2},"_wpas_customize_per_network":false},"categories":[1],"tags":[],"class_list":["post-76286","post","type-post","status-publish","format-standard","has-post-thumbnail","hentry","category-news"],"jetpack_publicize_connections":[],"jetpack_featured_media_url":"https:\/\/bletz.lu\/wp-content\/uploads\/2023\/08\/891d54b4-e92a-4bbf-af49-9c6ffa1c3fea.jpeg","jetpack_shortlink":"https:\/\/wp.me\/p3uDnz-jQq","jetpack_sharing_enabled":true,"_links":{"self":[{"href":"https:\/\/bletz.lu\/lu\/wp-json\/wp\/v2\/posts\/76286","targetHints":{"allow":["GET"]}}],"collection":[{"href":"https:\/\/bletz.lu\/lu\/wp-json\/wp\/v2\/posts"}],"about":[{"href":"https:\/\/bletz.lu\/lu\/wp-json\/wp\/v2\/types\/post"}],"author":[{"embeddable":true,"href":"https:\/\/bletz.lu\/lu\/wp-json\/wp\/v2\/users\/656"}],"replies":[{"embeddable":true,"href":"https:\/\/bletz.lu\/lu\/wp-json\/wp\/v2\/comments?post=76286"}],"version-history":[{"count":1,"href":"https:\/\/bletz.lu\/lu\/wp-json\/wp\/v2\/posts\/76286\/revisions"}],"predecessor-version":[{"id":76291,"href":"https:\/\/bletz.lu\/lu\/wp-json\/wp\/v2\/posts\/76286\/revisions\/76291"}],"wp:featuredmedia":[{"embeddable":true,"href":"https:\/\/bletz.lu\/lu\/wp-json\/wp\/v2\/media\/76287"}],"wp:attachment":[{"href":"https:\/\/bletz.lu\/lu\/wp-json\/wp\/v2\/media?parent=76286"}],"wp:term":[{"taxonomy":"category","embeddable":true,"href":"https:\/\/bletz.lu\/lu\/wp-json\/wp\/v2\/categories?post=76286"},{"taxonomy":"post_tag","embeddable":true,"href":"https:\/\/bletz.lu\/lu\/wp-json\/wp\/v2\/tags?post=76286"}],"curies":[{"name":"wp","href":"https:\/\/api.w.org\/{rel}","templated":true}]}}